{"id":9059,"date":"2024-08-15T12:39:15","date_gmt":"2024-08-15T12:39:15","guid":{"rendered":"https:\/\/2cookinn.com\/?p=9059"},"modified":"2025-04-05T16:06:38","modified_gmt":"2025-04-05T16:06:38","slug":"building-bridges-through-flavor-a-fundraising-feast-for-cambodian-childrens-fund","status":"publish","type":"post","link":"https:\/\/2cookinn.com\/pt\/building-bridges-through-flavor-a-fundraising-feast-for-cambodian-childrens-fund\/","title":{"rendered":"Construindo pontes atrav\u00e9s do sabor: Uma festa de angaria\u00e7\u00e3o de fundos para a Funda\u00e7\u00e3o das Crian\u00e7as do Camboja"},"content":{"rendered":"\n<p><style>\/*! elementor - v3.23.0 - 05-08-2024 *\/<br \/>\n.elementor-widget-image{text-align:center}.elementor-widget-image a{display:inline-block}.elementor-widget-image a img[src$=\".svg\"]{width:48px}.elementor-widget-image img{vertical-align:middle;display:inline-block}<\/style><\/p>\n\n\n\n<p>On a warm Sunday, January 14th, 2024, we gathered at 2Cookinn to connect through the universal language of food and support the Cambodian Children&#8217;s Fund. Our mission: to raise funds for building a much-needed kindergarten, bringing hope and education to children in Cambodia.<\/p>\n\n\n\n<p>The event began with a lively warm-up led by facilitator<a href=\"https:\/\/www.teresanorton.online\/podcast\"> Teresa Norton<\/a>, encouraging creativity and connection. Laughter filled the room as guests embraced a sense of community, setting the perfect tone for the meaningful afternoon ahead.<\/p>\n\n\n\n<p>Guided by <a href=\"https:\/\/www.instagram.com\/chefzurath?igsh=MXZjMHB0OXR0Z2F3OA==\">Chef Zurath<\/a>, we embarked on a culinary journey through Cambodia, savoring aromatic stir-fries and delicate chive pancakes. Each dish offered a taste of Cambodia\u2019s vibrant culture, reminding us of the larger purpose behind the event\u2014making a real difference for children in need.<\/p>\n\n\n\n<p>A special highlight of the day was the auction of a painting by our in-house artist, <a href=\"https:\/\/www.instagram.com\/isabel_pinheiro13?igsh=a2gxYWpjOXpocHU2\">Isabel Pinheiro<\/a>, inspired by the spirit of Cambodia. One of our attendees won this beautiful piece, further strengthening the bond between art and cause.<\/p>\n\n\n\n<p><\/p>\n\n\n\n<div class=\"wp-block-group is-layout-grid wp-container-core-group-is-layout-478b6e6b wp-block-group-is-layout-grid\">\n<div class=\"wp-block-columns is-layout-flex wp-container-core-columns-is-layout-28f84493 wp-block-columns-is-layout-flex\">\n<div class=\"wp-block-column is-layout-flow wp-block-column-is-layout-flow\" style=\"flex-basis:100%\">\n<div class=\"wp-block-columns is-layout-flex wp-container-core-columns-is-layout-28f84493 wp-block-columns-is-layout-flex\">\n<div class=\"wp-block-column is-vertically-aligned-top is-layout-flow wp-block-column-is-layout-flow\" style=\"flex-basis:100%\">\n<figure class=\"wp-block-image size-large is-resized\"><img fetchpriority=\"high\" decoding=\"async\" width=\"768\" height=\"1024\" src=\"https:\/\/2cookinn.com\/wp-content\/uploads\/2024\/08\/WhatsApp-Image-2024-08-16-at-17.50.52-768x1024.jpeg\" alt=\"\" class=\"wp-image-9115\" style=\"width:200px;height:auto\" srcset=\"https:\/\/2cookinn.com\/wp-content\/uploads\/2024\/08\/WhatsApp-Image-2024-08-16-at-17.50.52-768x1024.jpeg 768w, https:\/\/2cookinn.com\/wp-content\/uploads\/2024\/08\/WhatsApp-Image-2024-08-16-at-17.50.52-400x533.jpeg 400w, https:\/\/2cookinn.com\/wp-content\/uploads\/2024\/08\/WhatsApp-Image-2024-08-16-at-17.50.52-150x200.jpeg 150w, https:\/\/2cookinn.com\/wp-content\/uploads\/2024\/08\/WhatsApp-Image-2024-08-16-at-17.50.52-800x1067.jpeg 800w, https:\/\/2cookinn.com\/wp-content\/uploads\/2024\/08\/WhatsApp-Image-2024-08-16-at-17.50.52-225x300.jpeg 225w, https:\/\/2cookinn.com\/wp-content\/uploads\/2024\/08\/WhatsApp-Image-2024-08-16-at-17.50.52-1152x1536.jpeg 1152w, https:\/\/2cookinn.com\/wp-content\/uploads\/2024\/08\/WhatsApp-Image-2024-08-16-at-17.50.52-9x12.jpeg 9w, https:\/\/2cookinn.com\/wp-content\/uploads\/2024\/08\/WhatsApp-Image-2024-08-16-at-17.50.52-300x400.jpeg 300w, https:\/\/2cookinn.com\/wp-content\/uploads\/2024\/08\/WhatsApp-Image-2024-08-16-at-17.50.52-990x1320.jpeg 990w, https:\/\/2cookinn.com\/wp-content\/uploads\/2024\/08\/WhatsApp-Image-2024-08-16-at-17.50.52-441x588.jpeg 441w, https:\/\/2cookinn.com\/wp-content\/uploads\/2024\/08\/WhatsApp-Image-2024-08-16-at-17.50.52.jpeg 1200w\" sizes=\"(max-width: 768px) 100vw, 768px\" \/><\/figure>\n<\/div>\n<\/div>\n<\/div>\n<\/div>\n\n\n\n<figure class=\"wp-block-image size-large wp-container-content-69bc4bdf\"><img decoding=\"async\" width=\"768\" height=\"1024\" src=\"https:\/\/2cookinn.com\/wp-content\/uploads\/2024\/08\/WhatsApp-Image-2024-08-16-at-17.46.10-768x1024.jpeg\" alt=\"\" class=\"wp-image-9113\" srcset=\"https:\/\/2cookinn.com\/wp-content\/uploads\/2024\/08\/WhatsApp-Image-2024-08-16-at-17.46.10-768x1024.jpeg 768w, https:\/\/2cookinn.com\/wp-content\/uploads\/2024\/08\/WhatsApp-Image-2024-08-16-at-17.46.10-400x533.jpeg 400w, https:\/\/2cookinn.com\/wp-content\/uploads\/2024\/08\/WhatsApp-Image-2024-08-16-at-17.46.10-150x200.jpeg 150w, https:\/\/2cookinn.com\/wp-content\/uploads\/2024\/08\/WhatsApp-Image-2024-08-16-at-17.46.10-800x1067.jpeg 800w, https:\/\/2cookinn.com\/wp-content\/uploads\/2024\/08\/WhatsApp-Image-2024-08-16-at-17.46.10-225x300.jpeg 225w, https:\/\/2cookinn.com\/wp-content\/uploads\/2024\/08\/WhatsApp-Image-2024-08-16-at-17.46.10-1152x1536.jpeg 1152w, https:\/\/2cookinn.com\/wp-content\/uploads\/2024\/08\/WhatsApp-Image-2024-08-16-at-17.46.10-9x12.jpeg 9w, https:\/\/2cookinn.com\/wp-content\/uploads\/2024\/08\/WhatsApp-Image-2024-08-16-at-17.46.10-300x400.jpeg 300w, https:\/\/2cookinn.com\/wp-content\/uploads\/2024\/08\/WhatsApp-Image-2024-08-16-at-17.46.10-990x1320.jpeg 990w, https:\/\/2cookinn.com\/wp-content\/uploads\/2024\/08\/WhatsApp-Image-2024-08-16-at-17.46.10-441x588.jpeg 441w, https:\/\/2cookinn.com\/wp-content\/uploads\/2024\/08\/WhatsApp-Image-2024-08-16-at-17.46.10.jpeg 1200w\" sizes=\"(max-width: 768px) 100vw, 768px\" \/><\/figure>\n\n\n\n<figure class=\"wp-block-image size-large wp-container-content-69bc4bdf\"><img decoding=\"async\" width=\"768\" height=\"1024\" src=\"https:\/\/2cookinn.com\/wp-content\/uploads\/2024\/08\/WhatsApp-Image-2024-08-16-at-18.03.23-768x1024.jpeg\" alt=\"\" class=\"wp-image-9122\" srcset=\"https:\/\/2cookinn.com\/wp-content\/uploads\/2024\/08\/WhatsApp-Image-2024-08-16-at-18.03.23-768x1024.jpeg 768w, https:\/\/2cookinn.com\/wp-content\/uploads\/2024\/08\/WhatsApp-Image-2024-08-16-at-18.03.23-400x533.jpeg 400w, https:\/\/2cookinn.com\/wp-content\/uploads\/2024\/08\/WhatsApp-Image-2024-08-16-at-18.03.23-150x200.jpeg 150w, https:\/\/2cookinn.com\/wp-content\/uploads\/2024\/08\/WhatsApp-Image-2024-08-16-at-18.03.23-800x1067.jpeg 800w, https:\/\/2cookinn.com\/wp-content\/uploads\/2024\/08\/WhatsApp-Image-2024-08-16-at-18.03.23-225x300.jpeg 225w, https:\/\/2cookinn.com\/wp-content\/uploads\/2024\/08\/WhatsApp-Image-2024-08-16-at-18.03.23-1152x1536.jpeg 1152w, https:\/\/2cookinn.com\/wp-content\/uploads\/2024\/08\/WhatsApp-Image-2024-08-16-at-18.03.23-9x12.jpeg 9w, https:\/\/2cookinn.com\/wp-content\/uploads\/2024\/08\/WhatsApp-Image-2024-08-16-at-18.03.23-300x400.jpeg 300w, https:\/\/2cookinn.com\/wp-content\/uploads\/2024\/08\/WhatsApp-Image-2024-08-16-at-18.03.23-990x1320.jpeg 990w, https:\/\/2cookinn.com\/wp-content\/uploads\/2024\/08\/WhatsApp-Image-2024-08-16-at-18.03.23-441x588.jpeg 441w, https:\/\/2cookinn.com\/wp-content\/uploads\/2024\/08\/WhatsApp-Image-2024-08-16-at-18.03.23.jpeg 1200w\" sizes=\"(max-width: 768px) 100vw, 768px\" \/><\/figure>\n\n\n\n<figure class=\"wp-block-image size-large\"><img loading=\"lazy\" decoding=\"async\" width=\"768\" height=\"1024\" src=\"https:\/\/2cookinn.com\/wp-content\/uploads\/2024\/08\/WhatsApp-Image-2024-08-16-at-17.47.37-768x1024.jpeg\" alt=\"\" class=\"wp-image-9112\" srcset=\"https:\/\/2cookinn.com\/wp-content\/uploads\/2024\/08\/WhatsApp-Image-2024-08-16-at-17.47.37-768x1024.jpeg 768w, https:\/\/2cookinn.com\/wp-content\/uploads\/2024\/08\/WhatsApp-Image-2024-08-16-at-17.47.37-400x533.jpeg 400w, https:\/\/2cookinn.com\/wp-content\/uploads\/2024\/08\/WhatsApp-Image-2024-08-16-at-17.47.37-150x200.jpeg 150w, https:\/\/2cookinn.com\/wp-content\/uploads\/2024\/08\/WhatsApp-Image-2024-08-16-at-17.47.37-800x1067.jpeg 800w, https:\/\/2cookinn.com\/wp-content\/uploads\/2024\/08\/WhatsApp-Image-2024-08-16-at-17.47.37-225x300.jpeg 225w, https:\/\/2cookinn.com\/wp-content\/uploads\/2024\/08\/WhatsApp-Image-2024-08-16-at-17.47.37-1152x1536.jpeg 1152w, https:\/\/2cookinn.com\/wp-content\/uploads\/2024\/08\/WhatsApp-Image-2024-08-16-at-17.47.37-9x12.jpeg 9w, https:\/\/2cookinn.com\/wp-content\/uploads\/2024\/08\/WhatsApp-Image-2024-08-16-at-17.47.37-300x400.jpeg 300w, https:\/\/2cookinn.com\/wp-content\/uploads\/2024\/08\/WhatsApp-Image-2024-08-16-at-17.47.37-990x1320.jpeg 990w, https:\/\/2cookinn.com\/wp-content\/uploads\/2024\/08\/WhatsApp-Image-2024-08-16-at-17.47.37-441x588.jpeg 441w, https:\/\/2cookinn.com\/wp-content\/uploads\/2024\/08\/WhatsApp-Image-2024-08-16-at-17.47.37.jpeg 1200w\" sizes=\"(max-width: 768px) 100vw, 768px\" \/><\/figure>\n<\/div>\n\n\n\n<p>As the day drew to a close, we came together to sing John Lennon\u2019s &#8220;Imagine,&#8221; a moment that united us in hope and shared purpose. The words echoed deeply, especially as we reflected on the sentiment: <em>&#8220;A dream you dream alone is only a dream, a dream you dream together is a reality.&#8221;<\/em> In that moment, our collective efforts felt like the beginning of something real and transformative.<\/p>\n\n\n\n<p>Thanks to the generosity of our community, we raised EUR 266 to support the <a href=\"https:\/\/www.cambodianchildrensfund.org\/get-involved\">Cambodian Children&#8217;s Fund<\/a>&#8216;s mission. It\u2019s a small but powerful step toward building a brighter future for these children.<\/p>\n\n\n\n<p>We look forward to hosting more fundraising events at 2Cookinn and continuing to build bridges through food, art, and compassion. Join us in our efforts\u2014together, we can turn dreams into reality and bring hope to even more children in Cambodia.<\/p>\n\n\n\n<p>Thank you for your support and belief in the power of community.<\/p>\n\n\n\n<p><\/p>\n","protected":false},"excerpt":{"rendered":"<p>On a warm Sunday, January 14th, 2024, we gathered at 2Cookinn to connect through the universal language of food and support the Cambodian Children&#8217;s Fund. Our mission: to raise funds for building a much-needed kindergarten, bringing hope and education to children in Cambodia. The event began with a lively warm-up led by facilitator Teresa Norton, [&hellip;]<\/p>\n","protected":false},"author":4,"featured_media":7910,"comment_status":"open","ping_status":"open","sticky":false,"template":"","format":"standard","meta":{"_themeisle_gutenberg_block_has_review":false,"footnotes":""},"categories":[156,1,157,155],"tags":[209,211],"class_list":["post-9059","post","type-post","status-publish","format-standard","has-post-thumbnail","hentry","category-art","category-blog","category-cooking","category-workshop","tag-fundraising","tag-workshop"],"_links":{"self":[{"href":"https:\/\/2cookinn.com\/pt\/wp-json\/wp\/v2\/posts\/9059","targetHints":{"allow":["GET"]}}],"collection":[{"href":"https:\/\/2cookinn.com\/pt\/wp-json\/wp\/v2\/posts"}],"about":[{"href":"https:\/\/2cookinn.com\/pt\/wp-json\/wp\/v2\/types\/post"}],"author":[{"embeddable":true,"href":"https:\/\/2cookinn.com\/pt\/wp-json\/wp\/v2\/users\/4"}],"replies":[{"embeddable":true,"href":"https:\/\/2cookinn.com\/pt\/wp-json\/wp\/v2\/comments?post=9059"}],"version-history":[{"count":12,"href":"https:\/\/2cookinn.com\/pt\/wp-json\/wp\/v2\/posts\/9059\/revisions"}],"predecessor-version":[{"id":12357,"href":"https:\/\/2cookinn.com\/pt\/wp-json\/wp\/v2\/posts\/9059\/revisions\/12357"}],"wp:featuredmedia":[{"embeddable":true,"href":"https:\/\/2cookinn.com\/pt\/wp-json\/wp\/v2\/media\/7910"}],"wp:attachment":[{"href":"https:\/\/2cookinn.com\/pt\/wp-json\/wp\/v2\/media?parent=9059"}],"wp:term":[{"taxonomy":"category","embeddable":true,"href":"https:\/\/2cookinn.com\/pt\/wp-json\/wp\/v2\/categories?post=9059"},{"taxonomy":"post_tag","embeddable":true,"href":"https:\/\/2cookinn.com\/pt\/wp-json\/wp\/v2\/tags?post=9059"}],"curies":[{"name":"wp","href":"https:\/\/api.w.org\/{rel}","templated":true}]}}